{"id":4538,"date":"2026-08-31T09:00:00","date_gmt":"2026-08-31T07:00:00","guid":{"rendered":"https:\/\/svmarija.com\/?p=4538"},"modified":"2026-08-31T09:00:00","modified_gmt":"2026-08-31T07:00:00","slug":"tamni-podocnjaci-uzroci-tretmani","status":"publish","type":"post","link":"https:\/\/svmarija.com\/en\/tamni-podocnjaci-uzroci-tretmani\/","title":{"rendered":"Tamni podo\u010dnjaci: tri uzroka i tretmani koji stvarno poma\u017eu"},"content":{"rendered":"<p class=\"wp-block-paragraph\">Naspavali ste se osam sati, a kolegica vas ujutro svejedno pita jeste li umorni. Tamni podo\u010dnjaci imaju tu nezgodnu osobinu da licu daju iscrpljen izgled neovisno o tome kako se osje\u0107ate. I \u0161to ih vi\u0161e pokrivate korektorom, to se vi\u0161e vide.<\/p>\n\n\n\n<h2 class=\"wp-block-heading\">Odakle tamnim podo\u010dnjacima boja?<\/h2>\n\n\n\n<p class=\"wp-block-paragraph\">Tamni podo\u010dnjaci nemaju jedan uzrok, nego tri mogu\u0107a, i zato kod svakoga izgledaju malo druga\u010dije:<\/p>\n\n\n\n<ul class=\"wp-block-list\">\n<li><strong>Krvo\u017eilje kroz tanku ko\u017eu:<\/strong> plavkasti ili ljubi\u010dasti ton. Ko\u017ea ispod oka toliko je tanka da se kroz nju vide krvne \u017eile, a s godinama postaje jo\u0161 tanja.<\/li>\n\n<li><strong>Pigmentacija:<\/strong> sme\u0111i ton, \u010dest kod tamnijih tipova ko\u017ee i poja\u010dan suncem i trljanjem o\u010diju.<\/li>\n\n<li><strong>Sjena zbog udubljenja:<\/strong> gubitkom volumena ispod oka nastaje udubljenje koje pri svjetlu odozgo baca sjenu. Nije boja, nego geometrija.<\/li>\n<\/ul>\n\n\n\n<h2 class=\"wp-block-heading\">\u0160to pogor\u0161ava tamne podo\u010dnjake?<\/h2>\n\n\n\n<p class=\"wp-block-paragraph\">Neispavanost i alergije poja\u010davaju krvni zastoj, sunce poja\u010dava pigment, trljanje o\u010diju radi oboje, a dehidracija i mr\u0161avljenje produbljuju udubljenje. Genetika, na\u017ealost, odre\u0111uje po\u010detnu to\u010dku.<\/p>\n\n\n\n<h2 class=\"wp-block-heading\">\u0160to realno poma\u017ee?<\/h2>\n\n\n\n<p class=\"wp-block-paragraph\">Kod pigmentnih podo\u010dnjaka poma\u017eu SPF i njega s vitaminom C. Kod vaskularnih je klju\u010d u boljoj cirkulaciji i debljoj ko\u017ei: krema tu ne mo\u017ee puno, ali tretmani mogu. INDIBA poti\u010de mikrocirkulaciju, ubrzava odvod zaostale krvi i limfe te poti\u010de kolagen, \u010dime ko\u017ea ispod oka postaje deblja pa se \u017eile manje provid\u0435. Kod sjene zbog udubljenja rezultat daje upravo obnova gusto\u0107e ko\u017ee i potpornog tkiva.<\/p>\n\n\n\n<p class=\"wp-block-paragraph\">Usporedbu ovog pristupa s filerima i PRP-om napisali smo u \u010dlanku o <a href=\"https:\/\/svmarija.com\/en\/otkriveno-kako-ovaj-moderni-tretman-nadmasuje-dermalne-filere-i-prp-u-borbi-za-uklanjanje-podocnjaka\/\">modernom pristupu uklanjanju podo\u010dnjaka<\/a>, a kompletan vodi\u010d imate na stranici <a href=\"https:\/\/svmarija.com\/en\/kako-ukloniti-podocnjake\/\">kako ukloniti podo\u010dnjake<\/a>.<\/p>\n\n\n\n<h2 class=\"wp-block-heading\">Prvi korak: otkrijte svoj tip<\/h2>\n\n\n\n<p class=\"wp-block-paragraph\">Prije bilo kakvog tretmana treba znati jesu li va\u0161i podo\u010dnjaci vaskularni, pigmentni ili sjena, jer o tome ovisi \u0161to \u0107e djelovati. Na besplatnim konzultacijama u Zagrebu, Splitu ili Zadru to procjenjujemo u par minuta. Nazovite +385 95 5476 704 i rije\u0161ite dilemu.<\/p>","protected":false},"excerpt":{"rendered":"<p>Vaskularni, pigmentni ili sjena? Tamni podo\u010dnjaci imaju tri razli\u010dita uzroka i tek kad znate svoj, znate i \u0161to \u0107e pomo\u0107i.<\/p>","protected":false},"author":1,"featured_media":3119,"comment_status":"","ping_status":"","sticky":false,"template":"","format":"standard","meta":{"page_builder":"","footnotes":""},"categories":[1],"tags":[],"class_list":["post-4538","post","type-post","status-publish","format-standard","has-post-thumbnail","hentry","category-blog"],"_links":{"self":[{"href":"https:\/\/svmarija.com\/en\/wp-json\/wp\/v2\/posts\/4538","targetHints":{"allow":["GET"]}}],"collection":[{"href":"https:\/\/svmarija.com\/en\/wp-json\/wp\/v2\/posts"}],"about":[{"href":"https:\/\/svmarija.com\/en\/wp-json\/wp\/v2\/types\/post"}],"author":[{"embeddable":true,"href":"https:\/\/svmarija.com\/en\/wp-json\/wp\/v2\/users\/1"}],"replies":[{"embeddable":true,"href":"https:\/\/svmarija.com\/en\/wp-json\/wp\/v2\/comments?post=4538"}],"version-history":[{"count":1,"href":"https:\/\/svmarija.com\/en\/wp-json\/wp\/v2\/posts\/4538\/revisions"}],"predecessor-version":[{"id":4646,"href":"https:\/\/svmarija.com\/en\/wp-json\/wp\/v2\/posts\/4538\/revisions\/4646"}],"wp:featuredmedia":[{"embeddable":true,"href":"https:\/\/svmarija.com\/en\/wp-json\/wp\/v2\/media\/3119"}],"wp:attachment":[{"href":"https:\/\/svmarija.com\/en\/wp-json\/wp\/v2\/media?parent=4538"}],"wp:term":[{"taxonomy":"category","embeddable":true,"href":"https:\/\/svmarija.com\/en\/wp-json\/wp\/v2\/categories?post=4538"},{"taxonomy":"post_tag","embeddable":true,"href":"https:\/\/svmarija.com\/en\/wp-json\/wp\/v2\/tags?post=4538"}],"curies":[{"name":"wp","href":"https:\/\/api.w.org\/{rel}","templated":true}]}}